{"id":5277,"date":"2024-01-15T09:00:03","date_gmt":"2024-01-15T08:00:03","guid":{"rendered":"https:\/\/www.ibidemgroup.com\/blog\/?p=5277"},"modified":"2024-01-24T15:03:45","modified_gmt":"2024-01-24T14:03:45","slug":"que-son-cuentas-anuales","status":"publish","type":"post","link":"https:\/\/www.ibidemgroup.com\/blog\/que-son-cuentas-anuales\/","title":{"rendered":"\u00bfQu\u00e9 son las cuentas anuales y qu\u00e9 documentos incluyen?"},"content":{"rendered":"<div id=\"ez-toc-container\" class=\"ez-toc-v2_0_75 counter-hierarchy ez-toc-counter ez-toc-light-blue ez-toc-container-direction\">\n<div class=\"ez-toc-title-container\"><p class=\"ez-toc-title\" style=\"cursor:inherit\"><\/p>\n<\/div><nav><ul class='ez-toc-list ez-toc-list-level-1 ' ><li class='ez-toc-page-1 ez-toc-heading-level-2'><a class=\"ez-toc-link ez-toc-heading-1\" href=\"https:\/\/www.ibidemgroup.com\/blog\/que-son-cuentas-anuales\/#Cuentas_anuales\" >Cuentas anuales<\/a><\/li><li class='ez-toc-page-1 ez-toc-heading-level-2'><a class=\"ez-toc-link ez-toc-heading-2\" href=\"https:\/\/www.ibidemgroup.com\/blog\/que-son-cuentas-anuales\/#%C2%BFQue_son_las_cuentas_anuales\" >\u00bfQu\u00e9 son las cuentas anuales?&nbsp;<\/a><ul class='ez-toc-list-level-3' ><li class='ez-toc-heading-level-3'><a class=\"ez-toc-link ez-toc-heading-3\" href=\"https:\/\/www.ibidemgroup.com\/blog\/que-son-cuentas-anuales\/#Cuentas_anuales_y_estados_financieros\" >Cuentas anuales y estados financieros<\/a><\/li><li class='ez-toc-page-1 ez-toc-heading-level-3'><a class=\"ez-toc-link ez-toc-heading-4\" href=\"https:\/\/www.ibidemgroup.com\/blog\/que-son-cuentas-anuales\/#Ejemplos_de_cuentas_anuales\" >Ejemplos de cuentas anuales<\/a><\/li><\/ul><\/li><li class='ez-toc-page-1 ez-toc-heading-level-2'><a class=\"ez-toc-link ez-toc-heading-5\" href=\"https:\/\/www.ibidemgroup.com\/blog\/que-son-cuentas-anuales\/#%C2%BFPara_que_sirven_las_cuentas_anuales\" >\u00bfPara qu\u00e9 sirven las cuentas anuales?<\/a><\/li><li class='ez-toc-page-1 ez-toc-heading-level-2'><a class=\"ez-toc-link ez-toc-heading-6\" href=\"https:\/\/www.ibidemgroup.com\/blog\/que-son-cuentas-anuales\/#%C2%BFQue_empresas_deben_presentar_cuentas_anuales\" >\u00bfQu\u00e9 empresas deben presentar cuentas anuales?<\/a><\/li><li class='ez-toc-page-1 ez-toc-heading-level-2'><a class=\"ez-toc-link ez-toc-heading-7\" href=\"https:\/\/www.ibidemgroup.com\/blog\/que-son-cuentas-anuales\/#%C2%BFQue_documentos_incluyen_las_cuentas_anuales\" >\u00bfQu\u00e9 documentos incluyen las cuentas anuales?<\/a><ul class='ez-toc-list-level-3' ><li class='ez-toc-heading-level-3'><a class=\"ez-toc-link ez-toc-heading-8\" href=\"https:\/\/www.ibidemgroup.com\/blog\/que-son-cuentas-anuales\/#El_Balance_de_Situacion\" >El Balance de Situaci\u00f3n<\/a><\/li><li class='ez-toc-page-1 ez-toc-heading-level-3'><a class=\"ez-toc-link ez-toc-heading-9\" href=\"https:\/\/www.ibidemgroup.com\/blog\/que-son-cuentas-anuales\/#La_Cuenta_de_Perdidas_y_Ganancias\" >La Cuenta de P\u00e9rdidas y Ganancias<\/a><\/li><li class='ez-toc-page-1 ez-toc-heading-level-3'><a class=\"ez-toc-link ez-toc-heading-10\" href=\"https:\/\/www.ibidemgroup.com\/blog\/que-son-cuentas-anuales\/#El_Estado_de_Cambios_del_Patrimonio_Neto\" >El Estado de Cambios del Patrimonio Neto<\/a><\/li><li class='ez-toc-page-1 ez-toc-heading-level-3'><a class=\"ez-toc-link ez-toc-heading-11\" href=\"https:\/\/www.ibidemgroup.com\/blog\/que-son-cuentas-anuales\/#El_Estado_de_Flujos_de_Efectivo\" >El Estado de Flujos de Efectivo<\/a><\/li><li class='ez-toc-page-1 ez-toc-heading-level-3'><a class=\"ez-toc-link ez-toc-heading-12\" href=\"https:\/\/www.ibidemgroup.com\/blog\/que-son-cuentas-anuales\/#La_Memoria\" >La Memoria<\/a><\/li><\/ul><\/li><li class='ez-toc-page-1 ez-toc-heading-level-2'><a class=\"ez-toc-link ez-toc-heading-13\" href=\"https:\/\/www.ibidemgroup.com\/blog\/que-son-cuentas-anuales\/#Otros_documentos_que_pueden_incluir_las_cuentas_anuales\" >Otros documentos que pueden incluir las cuentas anuales<\/a><ul class='ez-toc-list-level-3' ><li class='ez-toc-heading-level-3'><a class=\"ez-toc-link ez-toc-heading-14\" href=\"https:\/\/www.ibidemgroup.com\/blog\/que-son-cuentas-anuales\/#Informe_de_Auditoria\" >Informe de Auditor\u00eda<\/a><\/li><li class='ez-toc-page-1 ez-toc-heading-level-3'><a class=\"ez-toc-link ez-toc-heading-15\" href=\"https:\/\/www.ibidemgroup.com\/blog\/que-son-cuentas-anuales\/#Informe_de_Gestion\" >Informe de Gesti\u00f3n<\/a><\/li><\/ul><\/li><\/ul><\/nav><\/div>\n\n<p>La mayor\u00eda de gente tiene dudas sobre el concepto de cuentas anuales, y no sabr\u00edan explicarlas con claridad. \u00bfQu\u00e9 son las cuentas anuales? \u00bfEs lo mismo cuentas anuales que estados financieros? \u00bfQu\u00e9 documentos forman las cuentan anuales? \u00bfSon obligatorias? \u00bfQu\u00e9 empresas deben presentar cuentas anuales? \u00bfD\u00f3nde se presentan las cuentas anuales? <\/p>\n\n\n\n<p><strong>En este art\u00edculo<\/strong> <strong>explicaremos qu\u00e9 son las cuentas anuales, qu\u00e9 documentos son obligatorios y qu\u00e9 empresas est\u00e1n obligadas a presentarlas.<\/strong> <\/p>\n\n\n\n<p>Queremos ofrecer una visi\u00f3n clara sobre este tema, que a veces se presenta de forma compleja o incluso confusa. Pero ojo, no somos asesores financieros: somos una <a href=\"https:\/\/www.ibidemgroup.com\/\" target=\"_blank\" rel=\"noopener\" title=\"\">agencia de traducci\u00f3n<\/a> especializada en <a href=\"https:\/\/www.ibidemgroup.com\/traducciones-financieras.php\" target=\"_blank\" rel=\"noopener\" title=\"\">traducciones financieras<\/a> (documentos financieros, contables y fiscales), y <a href=\"https:\/\/www.ibidemgroup.com\/traducciones-juridicas.php\" target=\"_blank\" rel=\"noopener\" title=\"\">traducciones jur\u00eddicas<\/a> (contratos, normativas, etc).  Muchas empresas nos contactan para <a href=\"https:\/\/www.ibidemgroup.com\/traduccion-cuentas-anuales.php\" target=\"_blank\" rel=\"noopener\" title=\"\">traducir cuentas anuales<\/a>, ya que estamos homologados para hacer <a href=\"https:\/\/www.ibidemgroup.com\/traduccion-jurada-ingles.php\" title=\"\">traducci\u00f3n jurada a ingl\u00e9s<\/a>, franc\u00e9s y a otros idiomas. Al final han pasado por nuestras manos cientos de cuentas anuales, lo que nos da una visi\u00f3n privilegiada que queremos compartir. Esperamos que os parezca \u00fatil!. <\/p>\n\n\n\n\n\n<h2 class=\"wp-block-heading\"><span class=\"ez-toc-section\" id=\"Cuentas_anuales\"><\/span><strong>Cuentas anuales<\/strong><span class=\"ez-toc-section-end\"><\/span><\/h2>\n\n\n\n<p><strong>Las cuentas anuales son los documentos que las empresas <strong>deben presentar anualmente en el Registro Mercantil<\/strong>, recogiendo toda su informaci\u00f3n financiera y contable. <\/strong> Se conocen tambi\u00e9n como Resultados Anuales, Informe Financiero Anual, o incluso Estados Financieros, aunque en realidad, las cuentas anuales son s\u00f3lo los estados financieros que la ley obliga a presentar al registro mercantil. El concepto de cuentas anuales es por tanto un constructo jur\u00eddico, un apelativo que adem\u00e1s var\u00eda, ya que seg\u00fan su tama\u00f1o y circunstancias, las empresas pueden verse obligadas a presentar m\u00e1s o menos documentos en sus cuentas anuales. <\/p>\n\n\n\n<p>En todo caso como decimos, las cuentas anuales son un grupo de documentos que recogen la informaci\u00f3n financiera anual de una empresa<strong>,<\/strong> con objeto de documentarla y depositarla en el Registro Mercantil con el fin de hacerla p\u00fablica a todos los interesados. <\/p>\n\n\n\n<p><strong>Las cuentas anuales reflejan el patrimonio de una sociedad, el resultado del ejercicio y la situaci\u00f3n financiera de la empresa<\/strong>, en base a principios de exactitud, claridad, integridad y consistencia.  Son garant\u00eda de transparencia para socios, clientes, proveedores, bancos y aseguradoras, y constituyen un medio de prueba en procedimientos administrativos y judiciales. <\/p>\n\n\n\n\n\n<figure class=\"wp-block-gallery has-nested-images columns-4 is-cropped wp-block-gallery-1 is-layout-flex wp-block-gallery-is-layout-flex\">\n<figure class=\"wp-block-image\"><img loading=\"lazy\" decoding=\"async\" width=\"371\" height=\"519\" data-id=\"5390\" src=\"https:\/\/www.ibidemgroup.com\/blog\/wp-content\/uploads\/2020\/06\/cuentas-anuales-banc-sabadell-2018.jpg\" alt=\"\" class=\"wp-image-5390\" srcset=\"https:\/\/www.ibidemgroup.com\/blog\/wp-content\/uploads\/2020\/06\/cuentas-anuales-banc-sabadell-2018.jpg 371w, https:\/\/www.ibidemgroup.com\/blog\/wp-content\/uploads\/2020\/06\/cuentas-anuales-banc-sabadell-2018-214x300.jpg 214w\" sizes=\"auto, (max-width: 371px) 100vw, 371px\" \/><figcaption class=\"wp-element-caption\">Cuentas Anuales <br>Sabadell 2018<\/figcaption><\/figure>\n\n\n\n<figure class=\"wp-block-image\"><img loading=\"lazy\" decoding=\"async\" width=\"371\" height=\"519\" data-id=\"5388\" src=\"https:\/\/www.ibidemgroup.com\/blog\/wp-content\/uploads\/2020\/06\/cuentas-anuales-repsol-2019.jpg\" alt=\"\" class=\"wp-image-5388\" srcset=\"https:\/\/www.ibidemgroup.com\/blog\/wp-content\/uploads\/2020\/06\/cuentas-anuales-repsol-2019.jpg 371w, https:\/\/www.ibidemgroup.com\/blog\/wp-content\/uploads\/2020\/06\/cuentas-anuales-repsol-2019-214x300.jpg 214w\" sizes=\"auto, (max-width: 371px) 100vw, 371px\" \/><figcaption class=\"wp-element-caption\">Cuentas Anuales <br>Repsol 2019<\/figcaption><\/figure>\n\n\n\n<figure class=\"wp-block-image\"><img loading=\"lazy\" decoding=\"async\" width=\"371\" height=\"519\" data-id=\"5389\" src=\"https:\/\/www.ibidemgroup.com\/blog\/wp-content\/uploads\/2020\/06\/cuentas-anuales-bankia-2019.jpg\" alt=\"\" class=\"wp-image-5389\" srcset=\"https:\/\/www.ibidemgroup.com\/blog\/wp-content\/uploads\/2020\/06\/cuentas-anuales-bankia-2019.jpg 371w, https:\/\/www.ibidemgroup.com\/blog\/wp-content\/uploads\/2020\/06\/cuentas-anuales-bankia-2019-214x300.jpg 214w\" sizes=\"auto, (max-width: 371px) 100vw, 371px\" \/><figcaption class=\"wp-element-caption\">Cuentas Anuales <br>Bankia 2019<\/figcaption><\/figure>\n\n\n\n<figure class=\"wp-block-image\"><img loading=\"lazy\" decoding=\"async\" width=\"371\" height=\"519\" data-id=\"5493\" src=\"https:\/\/www.ibidemgroup.com\/blog\/wp-content\/uploads\/2020\/06\/cuentas-anuales-telefonica-2019.jpg\" alt=\"\" class=\"wp-image-5493\" srcset=\"https:\/\/www.ibidemgroup.com\/blog\/wp-content\/uploads\/2020\/06\/cuentas-anuales-telefonica-2019.jpg 371w, https:\/\/www.ibidemgroup.com\/blog\/wp-content\/uploads\/2020\/06\/cuentas-anuales-telefonica-2019-214x300.jpg 214w\" sizes=\"auto, (max-width: 371px) 100vw, 371px\" \/><figcaption class=\"wp-element-caption\">Cuentas Anuales<br>Telef\u00f3nica 2019<\/figcaption><\/figure>\n<\/figure>\n\n\n\n<figure class=\"wp-block-gallery has-nested-images columns-4 is-cropped wp-block-gallery-2 is-layout-flex wp-block-gallery-is-layout-flex\">\n<figure class=\"wp-block-image\"><img loading=\"lazy\" decoding=\"async\" width=\"371\" height=\"519\" data-id=\"5477\" src=\"https:\/\/www.ibidemgroup.com\/blog\/wp-content\/uploads\/2020\/06\/cuentas-anuales-mapfre-2019.jpg\" alt=\"\" class=\"wp-image-5477\" srcset=\"https:\/\/www.ibidemgroup.com\/blog\/wp-content\/uploads\/2020\/06\/cuentas-anuales-mapfre-2019.jpg 371w, https:\/\/www.ibidemgroup.com\/blog\/wp-content\/uploads\/2020\/06\/cuentas-anuales-mapfre-2019-214x300.jpg 214w\" sizes=\"auto, (max-width: 371px) 100vw, 371px\" \/><figcaption class=\"wp-element-caption\">Cuentas Anuales<br>Mapfre 2019<\/figcaption><\/figure>\n\n\n\n<figure class=\"wp-block-image\"><img loading=\"lazy\" decoding=\"async\" width=\"371\" height=\"519\" data-id=\"5479\" src=\"https:\/\/www.ibidemgroup.com\/blog\/wp-content\/uploads\/2020\/06\/cuentas-anuales-endesa-2019.jpg\" alt=\"\" class=\"wp-image-5479\" srcset=\"https:\/\/www.ibidemgroup.com\/blog\/wp-content\/uploads\/2020\/06\/cuentas-anuales-endesa-2019.jpg 371w, https:\/\/www.ibidemgroup.com\/blog\/wp-content\/uploads\/2020\/06\/cuentas-anuales-endesa-2019-214x300.jpg 214w\" sizes=\"auto, (max-width: 371px) 100vw, 371px\" \/><figcaption class=\"wp-element-caption\">Cuentas Anuales<br>Endesa 2019<\/figcaption><\/figure>\n\n\n\n<figure class=\"wp-block-image\"><img loading=\"lazy\" decoding=\"async\" width=\"371\" height=\"519\" data-id=\"5486\" src=\"https:\/\/www.ibidemgroup.com\/blog\/wp-content\/uploads\/2020\/06\/cuentas-anuales-gas-natural-2019-1.jpg\" alt=\"\" class=\"wp-image-5486\" srcset=\"https:\/\/www.ibidemgroup.com\/blog\/wp-content\/uploads\/2020\/06\/cuentas-anuales-gas-natural-2019-1.jpg 371w, https:\/\/www.ibidemgroup.com\/blog\/wp-content\/uploads\/2020\/06\/cuentas-anuales-gas-natural-2019-1-214x300.jpg 214w\" sizes=\"auto, (max-width: 371px) 100vw, 371px\" \/><figcaption class=\"wp-element-caption\">Cuentas Anuales<br>Gas Natural<\/figcaption><\/figure>\n\n\n\n<figure class=\"wp-block-image\"><img loading=\"lazy\" decoding=\"async\" width=\"371\" height=\"519\" data-id=\"5478\" src=\"https:\/\/www.ibidemgroup.com\/blog\/wp-content\/uploads\/2020\/06\/cuentas-anuales-naturgy-2019.jpg\" alt=\"\" class=\"wp-image-5478\" srcset=\"https:\/\/www.ibidemgroup.com\/blog\/wp-content\/uploads\/2020\/06\/cuentas-anuales-naturgy-2019.jpg 371w, https:\/\/www.ibidemgroup.com\/blog\/wp-content\/uploads\/2020\/06\/cuentas-anuales-naturgy-2019-214x300.jpg 214w\" sizes=\"auto, (max-width: 371px) 100vw, 371px\" \/><figcaption class=\"wp-element-caption\">Cuentas Anuales<br>Naturgy 2019<\/figcaption><\/figure>\n<\/figure>\n\n\n\n\n\n<h2 class=\"wp-block-heading\"><span class=\"ez-toc-section\" id=\"%C2%BFQue_son_las_cuentas_anuales\"><\/span>\u00bfQu\u00e9 son las cuentas anuales?&nbsp; <span class=\"ez-toc-section-end\"><\/span><\/h2>\n\n\n\n<p><strong>Las Cuentas Anuales son los documentos financieros que las empresas deben presentar cada a\u00f1o al registro mercantil <\/strong>para dejar constancia oficial de su situaci\u00f3n financiera.  En ingl\u00e9s se conocen como \u00abAnnual Report\u00bb, que traducido a espa\u00f1ol ser\u00eda el \u00abInforme Financiero Anual\u00bb. <\/p>\n\n\n\n<p><strong>Las cuentas anuales est\u00e1n integradas por 5 documentos: el balance de situaci\u00f3n, la cuenta de p\u00e9rdidas y ganancias, el estado de cambios en el patrimonio neto (ECPN), el estado de flujos de efectivo y  la memoria. <\/strong><\/p>\n\n\n\n<p>Esta es la regla general, la que aplica a las cuentas anuales ordinarias, pero existen unas \u00abcuentas anuales abreviadas\u00bb, con una formulaci\u00f3n simplificada, para peque\u00f1as y medianas empresas, igual que de forma contraria, para algunas grandes empresas, se exigen documentos adicionales como el informe de gesti\u00f3n de los administradores, el informe de auditor\u00eda, etc.  <\/p>\n\n\n\n<h3 class=\"wp-block-heading\"><span class=\"ez-toc-section\" id=\"Cuentas_anuales_y_estados_financieros\"><\/span>Cuentas anuales y estados financieros<span class=\"ez-toc-section-end\"><\/span><\/h3>\n\n\n\n<p>Las cuentas anuales y los estados financieros no son lo mismo, aunque suelan usarse como sin\u00f3nimos. <\/p>\n\n\n\n<p><strong>Los estados financieros son documentos que reflejan la realidad financiera de una empresa. <\/strong>Es un concepto gen\u00e9rico, que engloba muchos documentos e informes, mientras que el concepto de cuentas anuales es un concepto cerrado, legal. <\/p>\n\n\n\n<p><strong>Las cuentas anuales son los estados financieros obligatorios que una empresa debe presentar al registro mercantil por obligaci\u00f3n legal. <\/strong>Es decir, las cuentas anuales incluyen algunos documentos que son estados financieros, pero cuentas anuales no es el nombre que reciben todos los estados financieros, sino solo los que el Plan General Contable y resto de normas obligan a presentar cada a\u00f1o ante el registro mercantil.<\/p>\n\n\n\n<h3 class=\"wp-block-heading\"><span class=\"ez-toc-section\" id=\"Ejemplos_de_cuentas_anuales\"><\/span>Ejemplos de cuentas anuales<span class=\"ez-toc-section-end\"><\/span><\/h3>\n\n\n\n<p><strong>Puedes ver ejemplos de cuentas anuales reales en esta recopilaci\u00f3n<\/strong> de <a href=\"https:\/\/www.ibidemgroup.com\/blog\/cuentas-anuales-2019-2020\/\" title=\"\">cuentas anuales de empresas espa\u00f1olas del IBEX35<\/a>, o descargarlas directamente online:<\/p>\n\n\n\n<ul class=\"wp-block-list\">\n<li><a href=\"https:\/\/www.telefonica.com\/es\/web\/shareholders-investors\/informacion_financiera_y_registros_oficiales\/informe-anual\">Cuentas Anuales Consolidadas e Informe de Auditor\u00eda. Telef\u00f3nica. 2019<\/a><\/li>\n\n\n\n<li><a href=\"https:\/\/www.endesa.com\/content\/dam\/enel-es\/home\/inversores\/gobiernocorporativo\/juntagenerales\/documentos\/junta-general-ordinaria-2019-accesible\/Cuentas%20Anuales%20Consolidadas%20Endesa,%20S.A.%20e%20Informe%20Gesti%C3%B3n%20Consolidado_revisado.pdf\">Cuentas Anuales Consolidadas e Informe de Auditor\u00eda. Endesa. 2019<\/a><\/li>\n\n\n\n<li><a href=\"https:\/\/www.iberdrola.com\/accionistas-inversores\/informes-anuales\">Cuentas Anuales e Informes Financieros. Iberdrola. 2019<\/a><\/li>\n\n\n\n<li><a href=\"https:\/\/www.grupbancsabadell.com\/memoria2019\/es\/#portada\">Informe Anual y Memoria. Banco Sabadell. 2019<\/a><\/li>\n\n\n\n<li><a href=\"https:\/\/www.caixabank.com\/informacion-para-accionistas-e-inversores\/gobierno-corporativo-y-politica-de-remuneraciones\/junta-general-de-accionistas\/2019\/documentacion-para-el-accionista\/cuentas-anuales-2018_es.html\">Cuentas Anuales, Informe de Gesti\u00f3n y Auditor\u00eda. Caixabank. 2018<\/a><\/li>\n\n\n\n<li><a href=\"https:\/\/accionistaseinversores.bbva.com\/microsites\/cuentasanuales2019\/cuentas-anuales-consolidadas\/memoria-consolidada\/index.html\">Cuentas Anuales Consolidadas, Informes de Gesti\u00f3n y Auditor\u00eda. BBVA. 2019<\/a><\/li>\n\n\n\n<li><a href=\"https:\/\/www.repsol.com\/es\/accionistas-inversores\/informacion-economica-financiera\/informacion-anual\/index.cshtml\">Cuentas Anuales Consolidadas e Informes Anuales. Repsol. 2019<\/a><\/li>\n\n\n\n<li><a href=\"https:\/\/www.mapfre.com\/statics\/juntasgenerales\/2020\/Cuentas_anuales_e_informes_gestion_consolidados.pdf\">Cuentas Anuales e Informes de Gesti\u00f3n Consolidados. Mapfre. 2019<\/a><\/li>\n<\/ul>\n\n\n\n<h2 class=\"wp-block-heading\"><span class=\"ez-toc-section\" id=\"%C2%BFPara_que_sirven_las_cuentas_anuales\"><\/span>\u00bfPara qu\u00e9 sirven las cuentas anuales? <span class=\"ez-toc-section-end\"><\/span><\/h2>\n\n\n\n<p><strong>Las Cuentas sirven para documentar de forma p\u00fablica la realidad financiera<\/strong> <strong>los resultados econ\u00f3micos y la situaci\u00f3n patrimonial de una empresa en un ejercicio econ\u00f3mico.<\/strong> El <a href=\"https:\/\/www.ibidemgroup.com\/blog\/como-presentar-cuentas-anuales\/\" target=\"_blank\" rel=\"noopener\" title=\"\">dep\u00f3sito de las cuentas anuales en el registro mercantil<\/a>, deja constancia de la contabilidad de una empresa a una fecha determinada, de forma que ya no puede ser modificada. Las cuentas anuales son garant\u00eda de transparencia para socios, clientes, proveedores, bancos y aseguradoras y constituyen un medio de prueba en procedimientos administrativos y judiciales (sirven por ejemplo para acreditar despidos objetivos por circunstancias econ\u00f3micas). Cualquier persona puede <a href=\"https:\/\/www.ibidemgroup.com\/blog\/como-pedir-cuentas-anuales-registro-mercantil\/\" target=\"_blank\" rel=\"noopener\" title=\"\">pedir unas cuentas anuales en el registro mercantil<\/a>.<\/p>\n\n\n\n<h2 class=\"wp-block-heading\"><span class=\"ez-toc-section\" id=\"%C2%BFQue_empresas_deben_presentar_cuentas_anuales\"><\/span>\u00bfQu\u00e9 empresas deben presentar cuentas anuales? <span class=\"ez-toc-section-end\"><\/span><\/h2>\n\n\n\n<p><strong>En Espa\u00f1a, todas las empresas que operan bajo la forma de una sociedad deben presentar cuentas anuales,<\/strong> independientemente de su tama\u00f1o, Esta obligaci\u00f3n se aplica a todas las empresas, incluyendo sociedades an\u00f3nimas (SA), sociedades de responsabilidad limitada (SL), sociedades laborales, cooperativas y sociedades limitadas unipersonales.<\/p>\n\n\n\n<p>Las empresas que cumplen ciertos criterios de tama\u00f1o pueden <a href=\"https:\/\/www.ibidemgroup.com\/blog\/cuentas-anuales-tipos-abreviadas-pyme\/\" target=\"_blank\" rel=\"noopener\" title=\"\">presentar cuentas anuales abreviadas<\/a>, que requieren menos detalle que las cuentas anuales ordinarias.<\/p>\n\n\n\n<p><strong>La \u00fanica excepci\u00f3n a la obligaci\u00f3n de presentar cuentas anuales es la de los aut\u00f3nomos. <\/strong> Los trabajadores por cuenta propia no est\u00e1n obligados a presentar cuentas anuales en el Registro Mercantil, aunque s\u00ed deben llevar una contabilidad ordenada de su actividad.<\/p>\n\n\n\n<p>Es responsabilidad de los Administradores elaborar las cuentas anuales, y depositarlas en el Registro Mercantil en un plazo de 3 meses a partir del cierre del ejercicio, para su inscripci\u00f3n y publicaci\u00f3n, con objeto de hacerlas as\u00ed accesibles a la consulta por parte de accionistas, socios y terceros interesados.<\/p>\n\n\n\n<p><\/p>\n\n\n\n<h2 class=\"wp-block-heading\"><span class=\"ez-toc-section\" id=\"%C2%BFQue_documentos_incluyen_las_cuentas_anuales\"><\/span><strong>\u00bfQu\u00e9 documentos incluyen las cuentas anuales?<\/strong><span class=\"ez-toc-section-end\"><\/span><\/h2>\n\n\n\n<p><strong>Las Cuentas Anuales incluyen 5 documentos: el Balance de Situaci\u00f3n, la Cuenta de P\u00e9rdidas y Ganancias, el Estado de Cambios en el Patrimonio Neto, el Estado de Flujos de Efectivo y la Memoria. <\/strong>Si en lugar de ser cuentas anuales ordinarias, fueran cuentas anuales en formato abreviado, no ser\u00edan necesarios todos los documentos, y la formulaci\u00f3n ser\u00eda m\u00e1s sencilla. <\/p>\n\n\n\n<ol class=\"wp-block-list\">\n<li><strong>Balance de situaci\u00f3n<\/strong><\/li>\n\n\n\n<li><strong>Cuenta de p\u00e9rdidas y ganancias (CPyG)<\/strong><\/li>\n\n\n\n<li><strong>Estado de cambios en el patrimonio neto (ECPN)<\/strong><\/li>\n\n\n\n<li><strong>Estado de flujos de efectivo (EFE)<\/strong><\/li>\n\n\n\n<li><strong>Memoria<\/strong><\/li>\n<\/ol>\n\n\n\n<p>Aunque no forman parte de las Cuentas Anuales, en ocasiones se exige acompa\u00f1arlas de otros Informes internos (corporativos) o externos (auditores externos):&nbsp; <\/p>\n\n\n\n<ul class=\"wp-block-list\">\n<li><strong>Informe de Gesti\u00f3n<\/strong><\/li>\n\n\n\n<li><strong>Informe de Auditor\u00eda<\/strong><\/li>\n\n\n\n<li>Informe de Autocartera<\/li>\n\n\n\n<li>Informe de Impacto Medioambiental<\/li>\n<\/ul>\n\n\n\n<h3 class=\"wp-block-heading\"><span class=\"ez-toc-section\" id=\"El_Balance_de_Situacion\"><\/span>El Balance de Situaci\u00f3n<span class=\"ez-toc-section-end\"><\/span><\/h3>\n\n\n\n<p><strong>El Balance de Situaci\u00f3n es un documento contable que permite analizar la situaci\u00f3n financiera global de una empresa en u momento dado,<\/strong> comparando dos masas patrimoniales diferenciadas llamadas \u00abActivo\u00bb (bienes que tiene la empresa) y \u00abPasivo\u00bb (deudas de la empresa). El resultado de esta comparaci\u00f3n determina el \u00abPatrimonio Neto\u00bb de la empresa.<\/p>\n\n\n\n<ul class=\"wp-block-list\">\n<li>Activo: bienes, patrimonio de la empresa y derechos de cobro (facturas pendientes de pago por parte de clientes, rendimientos procedentes de inversiones\u2026). <\/li>\n\n\n\n<li>Pasivo: obligaciones de la empresa, deudas pendientes de pago y fondos propios.<\/li>\n\n\n\n<li>Patrimonio Neto:  fondos propios, ajustes por cambio de valor,  subvenciones, donaciones y legados recibidos. <\/li>\n<\/ul>\n\n\n\n<figure class=\"wp-block-gallery has-nested-images columns-default is-cropped wp-block-gallery-3 is-layout-flex wp-block-gallery-is-layout-flex\">\n<figure class=\"wp-block-image\"><img loading=\"lazy\" decoding=\"async\" width=\"371\" height=\"519\" data-id=\"5406\" src=\"https:\/\/www.ibidemgroup.com\/blog\/wp-content\/uploads\/2020\/06\/balance-telefonica-cuentas-anuales-2019.jpg\" alt=\"\" class=\"wp-image-5406\" srcset=\"https:\/\/www.ibidemgroup.com\/blog\/wp-content\/uploads\/2020\/06\/balance-telefonica-cuentas-anuales-2019.jpg 371w, https:\/\/www.ibidemgroup.com\/blog\/wp-content\/uploads\/2020\/06\/balance-telefonica-cuentas-anuales-2019-214x300.jpg 214w\" sizes=\"auto, (max-width: 371px) 100vw, 371px\" \/><figcaption class=\"wp-element-caption\">Balance 2019<br>Cuentas Anuales Telef\u00f3nica<\/figcaption><\/figure>\n\n\n\n<figure class=\"wp-block-image\"><img loading=\"lazy\" decoding=\"async\" width=\"371\" height=\"519\" data-id=\"5407\" src=\"https:\/\/www.ibidemgroup.com\/blog\/wp-content\/uploads\/2020\/06\/balance-santander-cuentas-anuales-2019.jpg\" alt=\"\" class=\"wp-image-5407\" srcset=\"https:\/\/www.ibidemgroup.com\/blog\/wp-content\/uploads\/2020\/06\/balance-santander-cuentas-anuales-2019.jpg 371w, https:\/\/www.ibidemgroup.com\/blog\/wp-content\/uploads\/2020\/06\/balance-santander-cuentas-anuales-2019-214x300.jpg 214w\" sizes=\"auto, (max-width: 371px) 100vw, 371px\" \/><figcaption class=\"wp-element-caption\">Balance 2019<br>Cuentas Anuales  Santander <\/figcaption><\/figure>\n\n\n\n<figure class=\"wp-block-image\"><img loading=\"lazy\" decoding=\"async\" width=\"371\" height=\"519\" data-id=\"5408\" src=\"https:\/\/www.ibidemgroup.com\/blog\/wp-content\/uploads\/2020\/06\/balance-red-electrica-cuentas-anuales-2019.jpg\" alt=\"\" class=\"wp-image-5408\" srcset=\"https:\/\/www.ibidemgroup.com\/blog\/wp-content\/uploads\/2020\/06\/balance-red-electrica-cuentas-anuales-2019.jpg 371w, https:\/\/www.ibidemgroup.com\/blog\/wp-content\/uploads\/2020\/06\/balance-red-electrica-cuentas-anuales-2019-214x300.jpg 214w\" sizes=\"auto, (max-width: 371px) 100vw, 371px\" \/><figcaption class=\"wp-element-caption\">Balance 2019<br>Cuentas Anuales Red El\u00e9ctrica<\/figcaption><\/figure>\n<\/figure>\n\n\n\n<h3 class=\"wp-block-heading\"><span class=\"ez-toc-section\" id=\"La_Cuenta_de_Perdidas_y_Ganancias\"><\/span>La Cuenta de P\u00e9rdidas y Ganancias<span class=\"ez-toc-section-end\"><\/span><\/h3>\n\n\n\n<p><strong>La Cuenta de P\u00e9rdidas y Ganancias o Cuenta de resultados aporta informaci\u00f3n sobre el resultado econ\u00f3mico de la empresa durante ese ejercicio<\/strong>. Se obtiene restando a los ingresos obtenidos, los gastos que se han debido soportar para obtener dichos beneficios:<\/p>\n\n\n\n<ul class=\"wp-block-list\">\n<li>Las&nbsp;ganancias&nbsp;deben incluir todos los beneficios derivados de la actividad de la empresa, ventas de productos o prestaci\u00f3n de servicios, subvenciones, ingresos financieros\u2026<\/li>\n\n\n\n<li>Las&nbsp;p\u00e9rdidas&nbsp;o gastos deben incluir las compras, gastos de personal, suministros, profesionales externos, gastos bancarios\u2026<\/li>\n<\/ul>\n\n\n\n<figure class=\"wp-block-gallery has-nested-images columns-default is-cropped wp-block-gallery-4 is-layout-flex wp-block-gallery-is-layout-flex\">\n<figure class=\"wp-block-image\"><img loading=\"lazy\" decoding=\"async\" width=\"371\" height=\"519\" data-id=\"5419\" src=\"https:\/\/www.ibidemgroup.com\/blog\/wp-content\/uploads\/2020\/06\/cuenta-resultados-sabadell-2019.jpg\" alt=\"\" class=\"wp-image-5419\" srcset=\"https:\/\/www.ibidemgroup.com\/blog\/wp-content\/uploads\/2020\/06\/cuenta-resultados-sabadell-2019.jpg 371w, https:\/\/www.ibidemgroup.com\/blog\/wp-content\/uploads\/2020\/06\/cuenta-resultados-sabadell-2019-214x300.jpg 214w\" sizes=\"auto, (max-width: 371px) 100vw, 371px\" \/><figcaption class=\"wp-element-caption\">Cuenta de Resultados<br>Cuentas Anuales Sabadell<\/figcaption><\/figure>\n\n\n\n<figure class=\"wp-block-image\"><img loading=\"lazy\" decoding=\"async\" width=\"371\" height=\"519\" data-id=\"5420\" src=\"https:\/\/www.ibidemgroup.com\/blog\/wp-content\/uploads\/2020\/06\/cuenta-perdidas-ganancias-bankia-2019.jpg\" alt=\"\" class=\"wp-image-5420\" srcset=\"https:\/\/www.ibidemgroup.com\/blog\/wp-content\/uploads\/2020\/06\/cuenta-perdidas-ganancias-bankia-2019.jpg 371w, https:\/\/www.ibidemgroup.com\/blog\/wp-content\/uploads\/2020\/06\/cuenta-perdidas-ganancias-bankia-2019-214x300.jpg 214w\" sizes=\"auto, (max-width: 371px) 100vw, 371px\" \/><figcaption class=\"wp-element-caption\">Cuenta de P\u00e9rdidas y Ganancias <br>Cuentas Anuales  Bankia<\/figcaption><\/figure>\n\n\n\n<figure class=\"wp-block-image\"><img loading=\"lazy\" decoding=\"async\" width=\"371\" height=\"519\" data-id=\"5421\" src=\"https:\/\/www.ibidemgroup.com\/blog\/wp-content\/uploads\/2020\/06\/cuenta-resultados-iberdrola-2019.jpg\" alt=\"\" class=\"wp-image-5421\" srcset=\"https:\/\/www.ibidemgroup.com\/blog\/wp-content\/uploads\/2020\/06\/cuenta-resultados-iberdrola-2019.jpg 371w, https:\/\/www.ibidemgroup.com\/blog\/wp-content\/uploads\/2020\/06\/cuenta-resultados-iberdrola-2019-214x300.jpg 214w\" sizes=\"auto, (max-width: 371px) 100vw, 371px\" \/><figcaption class=\"wp-element-caption\">Cuenta de Resultados <br>Cuentas Anuales berdrola<br><\/figcaption><\/figure>\n<\/figure>\n\n\n\n<h3 class=\"wp-block-heading\"><span class=\"ez-toc-section\" id=\"El_Estado_de_Cambios_del_Patrimonio_Neto\"><\/span>El Estado de Cambios del Patrimonio Neto<span class=\"ez-toc-section-end\"><\/span><\/h3>\n\n\n\n<p><strong>El Estado de Cambios en el Patrimonio Neto recoge, como su propio nombre indica, cualquier cambio en el patrimonio neto de la empresa: ampliaciones de capital, reparto de dividendos, <\/strong>resultados de ejercicios anteriores, reservas, subvenciones, correcciones de errores, etc. Recoge operaciones que producidas en el ejercicio, pero que no influyen en resultados.<\/p>\n\n\n\n<figure class=\"wp-block-gallery has-nested-images columns-default is-cropped wp-block-gallery-5 is-layout-flex wp-block-gallery-is-layout-flex\">\n<figure class=\"wp-block-image\"><img loading=\"lazy\" decoding=\"async\" width=\"451\" height=\"316\" data-id=\"5434\" src=\"https:\/\/www.ibidemgroup.com\/blog\/wp-content\/uploads\/2020\/06\/estado-cambios-patrimonio-iberdrola-2019.jpg\" alt=\"\" class=\"wp-image-5434\" srcset=\"https:\/\/www.ibidemgroup.com\/blog\/wp-content\/uploads\/2020\/06\/estado-cambios-patrimonio-iberdrola-2019.jpg 451w, https:\/\/www.ibidemgroup.com\/blog\/wp-content\/uploads\/2020\/06\/estado-cambios-patrimonio-iberdrola-2019-300x210.jpg 300w\" sizes=\"auto, (max-width: 451px) 100vw, 451px\" \/><figcaption class=\"wp-element-caption\">Estado Cambios Patrimonio Neto <br>Cuentas Anuales Iberdrola 2019 <\/figcaption><\/figure>\n\n\n\n<figure class=\"wp-block-image\"><img loading=\"lazy\" decoding=\"async\" width=\"451\" height=\"316\" data-id=\"5435\" src=\"https:\/\/www.ibidemgroup.com\/blog\/wp-content\/uploads\/2020\/06\/estado-cambios-patrimonio-repsol-2019.jpg\" alt=\"\" class=\"wp-image-5435\" srcset=\"https:\/\/www.ibidemgroup.com\/blog\/wp-content\/uploads\/2020\/06\/estado-cambios-patrimonio-repsol-2019.jpg 451w, https:\/\/www.ibidemgroup.com\/blog\/wp-content\/uploads\/2020\/06\/estado-cambios-patrimonio-repsol-2019-300x210.jpg 300w\" sizes=\"auto, (max-width: 451px) 100vw, 451px\" \/><figcaption class=\"wp-element-caption\"> Estado Cambios Patrimonio Neto <br>Cuentas Anuales  Repsol 2019 <\/figcaption><\/figure>\n<\/figure>\n\n\n\n<h3 class=\"wp-block-heading\"><span class=\"ez-toc-section\" id=\"El_Estado_de_Flujos_de_Efectivo\"><\/span>El Estado de Flujos de Efectivo<span class=\"ez-toc-section-end\"><\/span><\/h3>\n\n\n\n<p><strong>El Estado de Flujos de Efectivo o EFE, informa sobre las variaciones y movimientos de efectivo (cash),<\/strong> muestra el efectivo que ha sido generado y aprovechado en las actividades operativas, inversi\u00f3n o financiamiento de la empresa.<\/p>\n\n\n\n<figure class=\"wp-block-gallery has-nested-images columns-default is-cropped wp-block-gallery-6 is-layout-flex wp-block-gallery-is-layout-flex\">\n<figure class=\"wp-block-image\"><img loading=\"lazy\" decoding=\"async\" width=\"371\" height=\"519\" data-id=\"5442\" src=\"https:\/\/www.ibidemgroup.com\/blog\/wp-content\/uploads\/2020\/06\/estados-flujo-efectivo-endesa-2019.jpg\" alt=\"\" class=\"wp-image-5442\" srcset=\"https:\/\/www.ibidemgroup.com\/blog\/wp-content\/uploads\/2020\/06\/estados-flujo-efectivo-endesa-2019.jpg 371w, https:\/\/www.ibidemgroup.com\/blog\/wp-content\/uploads\/2020\/06\/estados-flujo-efectivo-endesa-2019-214x300.jpg 214w\" sizes=\"auto, (max-width: 371px) 100vw, 371px\" \/><figcaption class=\"wp-element-caption\">Estado de Flujos de Efectivo<br>Cuentas Anuales Endesa<\/figcaption><\/figure>\n\n\n\n<figure class=\"wp-block-image\"><img loading=\"lazy\" decoding=\"async\" width=\"371\" height=\"519\" data-id=\"5443\" src=\"https:\/\/www.ibidemgroup.com\/blog\/wp-content\/uploads\/2020\/06\/estados-flujo-efectivo-santander-2019.jpg\" alt=\"\" class=\"wp-image-5443\" srcset=\"https:\/\/www.ibidemgroup.com\/blog\/wp-content\/uploads\/2020\/06\/estados-flujo-efectivo-santander-2019.jpg 371w, https:\/\/www.ibidemgroup.com\/blog\/wp-content\/uploads\/2020\/06\/estados-flujo-efectivo-santander-2019-214x300.jpg 214w\" sizes=\"auto, (max-width: 371px) 100vw, 371px\" \/><figcaption class=\"wp-element-caption\">Estado de Flujos de Efectivo<br>Cuentas Anuales Santander<\/figcaption><\/figure>\n\n\n\n<figure class=\"wp-block-image\"><img loading=\"lazy\" decoding=\"async\" width=\"371\" height=\"519\" data-id=\"5444\" src=\"https:\/\/www.ibidemgroup.com\/blog\/wp-content\/uploads\/2020\/06\/estados-flujo-efectivo-cellnex-2019.jpg\" alt=\"\" class=\"wp-image-5444\" srcset=\"https:\/\/www.ibidemgroup.com\/blog\/wp-content\/uploads\/2020\/06\/estados-flujo-efectivo-cellnex-2019.jpg 371w, https:\/\/www.ibidemgroup.com\/blog\/wp-content\/uploads\/2020\/06\/estados-flujo-efectivo-cellnex-2019-214x300.jpg 214w\" sizes=\"auto, (max-width: 371px) 100vw, 371px\" \/><figcaption class=\"wp-element-caption\"> Estado de Flujos de Efectivo<br>Cuentas Anuales Cellnex<\/figcaption><\/figure>\n<\/figure>\n\n\n\n<h3 class=\"wp-block-heading\"><span class=\"ez-toc-section\" id=\"La_Memoria\"><\/span>La Memoria<span class=\"ez-toc-section-end\"><\/span><\/h3>\n\n\n\n<p><strong>La memoria es un informe redactado que explica de forma razonada los eventos sucedidos a lo largo del a\u00f1o y su impacto econ\u00f3mico o financiero. <\/strong>La Memoria completa, ampl\u00eda y comenta el contenido del resto de documentos que integran las Cuentas Anuales: su funci\u00f3n es la de explicar las razones que hay detr\u00e1s de las cifras recogidas en el resto de documentos.<\/p>\n\n\n\n<figure class=\"wp-block-gallery has-nested-images columns-default is-cropped wp-block-gallery-7 is-layout-flex wp-block-gallery-is-layout-flex\">\n<figure class=\"wp-block-image\"><img loading=\"lazy\" decoding=\"async\" width=\"371\" height=\"519\" data-id=\"5454\" src=\"https:\/\/www.ibidemgroup.com\/blog\/wp-content\/uploads\/2020\/06\/memoria-enagas-2019.jpg\" alt=\"\" class=\"wp-image-5454\" srcset=\"https:\/\/www.ibidemgroup.com\/blog\/wp-content\/uploads\/2020\/06\/memoria-enagas-2019.jpg 371w, https:\/\/www.ibidemgroup.com\/blog\/wp-content\/uploads\/2020\/06\/memoria-enagas-2019-214x300.jpg 214w\" sizes=\"auto, (max-width: 371px) 100vw, 371px\" \/><figcaption class=\"wp-element-caption\">Memoria 2019 <br>Cuentas Anuales Enagas <\/figcaption><\/figure>\n\n\n\n<figure class=\"wp-block-image\"><img loading=\"lazy\" decoding=\"async\" width=\"371\" height=\"519\" data-id=\"5455\" src=\"https:\/\/www.ibidemgroup.com\/blog\/wp-content\/uploads\/2020\/06\/memoria-bbva-2019.jpg\" alt=\"\" class=\"wp-image-5455\" srcset=\"https:\/\/www.ibidemgroup.com\/blog\/wp-content\/uploads\/2020\/06\/memoria-bbva-2019.jpg 371w, https:\/\/www.ibidemgroup.com\/blog\/wp-content\/uploads\/2020\/06\/memoria-bbva-2019-214x300.jpg 214w\" sizes=\"auto, (max-width: 371px) 100vw, 371px\" \/><figcaption class=\"wp-element-caption\">Memoria 2019 <br>Cuentas Anuales BBVA <\/figcaption><\/figure>\n\n\n\n<figure class=\"wp-block-image\"><img loading=\"lazy\" decoding=\"async\" width=\"371\" height=\"519\" data-id=\"5456\" src=\"https:\/\/www.ibidemgroup.com\/blog\/wp-content\/uploads\/2020\/06\/memoria-repsol-2019.jpg\" alt=\"\" class=\"wp-image-5456\" srcset=\"https:\/\/www.ibidemgroup.com\/blog\/wp-content\/uploads\/2020\/06\/memoria-repsol-2019.jpg 371w, https:\/\/www.ibidemgroup.com\/blog\/wp-content\/uploads\/2020\/06\/memoria-repsol-2019-214x300.jpg 214w\" sizes=\"auto, (max-width: 371px) 100vw, 371px\" \/><figcaption class=\"wp-element-caption\">Memoria 2019 <br>Cuentas Anuales Repsol <br><\/figcaption><\/figure>\n<\/figure>\n\n\n\n\n\n<h2 class=\"wp-block-heading\"><span class=\"ez-toc-section\" id=\"Otros_documentos_que_pueden_incluir_las_cuentas_anuales\"><\/span>Otros documentos que pueden incluir las cuentas anuales<span class=\"ez-toc-section-end\"><\/span><\/h2>\n\n\n\n<h3 class=\"wp-block-heading\"><span class=\"ez-toc-section\" id=\"Informe_de_Auditoria\"><\/span>Informe de Auditor\u00eda<span class=\"ez-toc-section-end\"><\/span><\/h3>\n\n\n\n<p><strong>El Informe de Auditoria es un informe que emite el auditor de las Cuentas Anuales, tras revisar y verificar todos los estados financieros, <\/strong>manifestando su opini\u00f3n t\u00e9cnica acerca de si dichas Cuentas anuales expresan la imagen fiel del patrimonio, la situaci\u00f3n financiera y los resultados de la empresa. El auditor explica los criterios que ha seguido, y emite una opini\u00f3n final favorable, con salvedades, desfavorable o denegada. <\/p>\n\n\n\n<p>Todas las empresas con activo superior a 2.850.000\u20ac, cifra de negocios superior a 5.700.000\u20ac y promedio anual de m\u00e1s de 50 trabajadores, tienen obligaci\u00f3n de auditar sus Cuentas Anuales.<\/p>\n\n\n\n<figure class=\"wp-block-gallery has-nested-images columns-default is-cropped wp-block-gallery-8 is-layout-flex wp-block-gallery-is-layout-flex\">\n<figure class=\"wp-block-image\"><img loading=\"lazy\" decoding=\"async\" width=\"371\" height=\"519\" data-id=\"5426\" src=\"https:\/\/www.ibidemgroup.com\/blog\/wp-content\/uploads\/2020\/06\/informe-auditoria-ernst-young.jpg\" alt=\"\" class=\"wp-image-5426\" srcset=\"https:\/\/www.ibidemgroup.com\/blog\/wp-content\/uploads\/2020\/06\/informe-auditoria-ernst-young.jpg 371w, https:\/\/www.ibidemgroup.com\/blog\/wp-content\/uploads\/2020\/06\/informe-auditoria-ernst-young-214x300.jpg 214w\" sizes=\"auto, (max-width: 371px) 100vw, 371px\" \/><figcaption class=\"wp-element-caption\">Informe de Auditoria<br>Ernst &amp; Young<\/figcaption><\/figure>\n\n\n\n<figure class=\"wp-block-image\"><img loading=\"lazy\" decoding=\"async\" width=\"371\" height=\"519\" data-id=\"5427\" src=\"https:\/\/www.ibidemgroup.com\/blog\/wp-content\/uploads\/2020\/06\/informe-auditoria-kpmg.jpg\" alt=\"\" class=\"wp-image-5427\" srcset=\"https:\/\/www.ibidemgroup.com\/blog\/wp-content\/uploads\/2020\/06\/informe-auditoria-kpmg.jpg 371w, https:\/\/www.ibidemgroup.com\/blog\/wp-content\/uploads\/2020\/06\/informe-auditoria-kpmg-214x300.jpg 214w\" sizes=\"auto, (max-width: 371px) 100vw, 371px\" \/><figcaption class=\"wp-element-caption\">Informe Auditor\u00eda  <br>KPMG<\/figcaption><\/figure>\n\n\n\n<figure class=\"wp-block-image\"><img loading=\"lazy\" decoding=\"async\" width=\"371\" height=\"519\" data-id=\"5428\" src=\"https:\/\/www.ibidemgroup.com\/blog\/wp-content\/uploads\/2020\/06\/informe-auditoria-pwc.jpg\" alt=\"\" class=\"wp-image-5428\" srcset=\"https:\/\/www.ibidemgroup.com\/blog\/wp-content\/uploads\/2020\/06\/informe-auditoria-pwc.jpg 371w, https:\/\/www.ibidemgroup.com\/blog\/wp-content\/uploads\/2020\/06\/informe-auditoria-pwc-214x300.jpg 214w\" sizes=\"auto, (max-width: 371px) 100vw, 371px\" \/><figcaption class=\"wp-element-caption\">Informe Auditor\u00eda  <br>PWC<\/figcaption><\/figure>\n<\/figure>\n\n\n\n<h3 class=\"wp-block-heading\"><span class=\"ez-toc-section\" id=\"Informe_de_Gestion\"><\/span>Informe de Gesti\u00f3n<span class=\"ez-toc-section-end\"><\/span><\/h3>\n\n\n\n<p><strong>El Informe de Gesti\u00f3n analiza la evoluci\u00f3n de la empresa durante el a\u00f1o, explicando los hechos y gestiones que la han llevado a la situaci\u00f3n actual, y anticipa los principales riesgos e incertidumbres a los que se enfrenta la empresa en futuros ejercicios<\/strong>.  El del Informe de Gesti\u00f3n se centra en explicar todas las acciones que la empresa y su equipo de gesti\u00f3n han llevado a cabo a lo largo del a\u00f1o, y anticipar lo que se har\u00e1 en fechas venideras. El Informe de Gesti\u00f3n es un documento que suele acompa\u00f1ar las Cuentas Anuales, aunque no forma parte esencial de ellas.  <\/p>\n\n\n\n<figure class=\"wp-block-gallery has-nested-images columns-default is-cropped wp-block-gallery-9 is-layout-flex wp-block-gallery-is-layout-flex\">\n<figure class=\"wp-block-image\"><img loading=\"lazy\" decoding=\"async\" width=\"451\" height=\"316\" data-id=\"5450\" src=\"https:\/\/www.ibidemgroup.com\/blog\/wp-content\/uploads\/2020\/06\/informe-gestion-consolidado-enagas-2019.jpg\" alt=\"\" class=\"wp-image-5450\" srcset=\"https:\/\/www.ibidemgroup.com\/blog\/wp-content\/uploads\/2020\/06\/informe-gestion-consolidado-enagas-2019.jpg 451w, https:\/\/www.ibidemgroup.com\/blog\/wp-content\/uploads\/2020\/06\/informe-gestion-consolidado-enagas-2019-300x210.jpg 300w\" sizes=\"auto, (max-width: 451px) 100vw, 451px\" \/><figcaption class=\"wp-element-caption\">Informe de Gesti\u00f3n <br>Cuentas Anuales Enagas 2019<\/figcaption><\/figure>\n\n\n\n<figure class=\"wp-block-image\"><img loading=\"lazy\" decoding=\"async\" width=\"451\" height=\"316\" data-id=\"5451\" src=\"https:\/\/www.ibidemgroup.com\/blog\/wp-content\/uploads\/2020\/06\/informe-gestion-caixabank-2019.jpg\" alt=\"\" class=\"wp-image-5451\" srcset=\"https:\/\/www.ibidemgroup.com\/blog\/wp-content\/uploads\/2020\/06\/informe-gestion-caixabank-2019.jpg 451w, https:\/\/www.ibidemgroup.com\/blog\/wp-content\/uploads\/2020\/06\/informe-gestion-caixabank-2019-300x210.jpg 300w\" sizes=\"auto, (max-width: 451px) 100vw, 451px\" \/><figcaption class=\"wp-element-caption\">Informe de Gesti\u00f3n <br>Cuentas Anuales CaixaBank 2019<br><\/figcaption><\/figure>\n<\/figure>\n\n\n\n\n\n\n<div class=\"kk-star-ratings kksr-auto kksr-align-right kksr-valign-bottom\"\n    data-payload='{&quot;align&quot;:&quot;right&quot;,&quot;id&quot;:&quot;5277&quot;,&quot;slug&quot;:&quot;default&quot;,&quot;valign&quot;:&quot;bottom&quot;,&quot;ignore&quot;:&quot;&quot;,&quot;reference&quot;:&quot;auto&quot;,&quot;class&quot;:&quot;&quot;,&quot;count&quot;:&quot;62&quot;,&quot;legendonly&quot;:&quot;&quot;,&quot;readonly&quot;:&quot;&quot;,&quot;score&quot;:&quot;5&quot;,&quot;starsonly&quot;:&quot;&quot;,&quot;best&quot;:&quot;5&quot;,&quot;gap&quot;:&quot;1&quot;,&quot;greet&quot;:&quot;&quot;,&quot;legend&quot;:&quot;5\\\/5 - (62 votos)&quot;,&quot;size&quot;:&quot;24&quot;,&quot;title&quot;:&quot;\u00bfQu\u00e9 son las cuentas anuales y qu\u00e9 documentos incluyen?&quot;,&quot;width&quot;:&quot;124.5&quot;,&quot;_legend&quot;:&quot;{score}\\\/{best} - ({count} {votes})&quot;,&quot;font_factor&quot;:&quot;1.25&quot;}'>\n            \n<div class=\"kksr-stars\">\n    \n<div class=\"kksr-stars-inactive\">\n            <div class=\"kksr-star\" data-star=\"1\" style=\"padding-right: 1px\">\n            \n\n<div class=\"kksr-icon\" style=\"width: 24px; height: 24px;\"><\/div>\n        <\/div>\n            <div class=\"kksr-star\" data-star=\"2\" style=\"padding-right: 1px\">\n            \n\n<div class=\"kksr-icon\" style=\"width: 24px; height: 24px;\"><\/div>\n        <\/div>\n            <div class=\"kksr-star\" data-star=\"3\" style=\"padding-right: 1px\">\n            \n\n<div class=\"kksr-icon\" style=\"width: 24px; height: 24px;\"><\/div>\n        <\/div>\n            <div class=\"kksr-star\" data-star=\"4\" style=\"padding-right: 1px\">\n            \n\n<div class=\"kksr-icon\" style=\"width: 24px; height: 24px;\"><\/div>\n        <\/div>\n            <div class=\"kksr-star\" data-star=\"5\" style=\"padding-right: 1px\">\n            \n\n<div class=\"kksr-icon\" style=\"width: 24px; height: 24px;\"><\/div>\n        <\/div>\n    <\/div>\n    \n<div class=\"kksr-stars-active\" style=\"width: 124.5px;\">\n            <div class=\"kksr-star\" style=\"padding-right: 1px\">\n            \n\n<div class=\"kksr-icon\" style=\"width: 24px; height: 24px;\"><\/div>\n        <\/div>\n            <div class=\"kksr-star\" style=\"padding-right: 1px\">\n            \n\n<div class=\"kksr-icon\" style=\"width: 24px; height: 24px;\"><\/div>\n        <\/div>\n            <div class=\"kksr-star\" style=\"padding-right: 1px\">\n            \n\n<div class=\"kksr-icon\" style=\"width: 24px; height: 24px;\"><\/div>\n        <\/div>\n            <div class=\"kksr-star\" style=\"padding-right: 1px\">\n            \n\n<div class=\"kksr-icon\" style=\"width: 24px; height: 24px;\"><\/div>\n        <\/div>\n            <div class=\"kksr-star\" style=\"padding-right: 1px\">\n            \n\n<div class=\"kksr-icon\" style=\"width: 24px; height: 24px;\"><\/div>\n        <\/div>\n    <\/div>\n<\/div>\n                \n\n<div class=\"kksr-legend\" style=\"font-size: 19.2px;\">\n            5\/5 - (62 votos)    <\/div>\n    <\/div>\n","protected":false},"excerpt":{"rendered":"Apr\u00e9ndelo todo sobre cuentas anuales y estados financieros (no son lo mismo!). Te explicamos en detalle qu\u00e9 son las cuentas anuales, que empresas deben presentarlas, y que documentos son obligatorios: Balance de situaci\u00f3n, Cuenta de p\u00e9rdidas y ganancias, Estado de cambios en el patrimonio neto, Estado de flujos de efectivo y Memoria.","protected":false},"author":3,"featured_media":6767,"comment_status":"open","ping_status":"open","sticky":false,"template":"","format":"standard","meta":{"_acf_changed":false,"footnotes":""},"categories":[159],"tags":[161,174,175,102],"class_list":["post-5277","post","type-post","status-publish","format-standard","has-post-thumbnail","hentry","category-cuentas-anuales","tag-cuentas-anuales","tag-estados-financieros","tag-informe-de-auditoria","tag-memoria"],"acf":[],"aioseo_notices":[],"_links":{"self":[{"href":"https:\/\/www.ibidemgroup.com\/blog\/wp-json\/wp\/v2\/posts\/5277","targetHints":{"allow":["GET"]}}],"collection":[{"href":"https:\/\/www.ibidemgroup.com\/blog\/wp-json\/wp\/v2\/posts"}],"about":[{"href":"https:\/\/www.ibidemgroup.com\/blog\/wp-json\/wp\/v2\/types\/post"}],"author":[{"embeddable":true,"href":"https:\/\/www.ibidemgroup.com\/blog\/wp-json\/wp\/v2\/users\/3"}],"replies":[{"embeddable":true,"href":"https:\/\/www.ibidemgroup.com\/blog\/wp-json\/wp\/v2\/comments?post=5277"}],"version-history":[{"count":169,"href":"https:\/\/www.ibidemgroup.com\/blog\/wp-json\/wp\/v2\/posts\/5277\/revisions"}],"predecessor-version":[{"id":13346,"href":"https:\/\/www.ibidemgroup.com\/blog\/wp-json\/wp\/v2\/posts\/5277\/revisions\/13346"}],"wp:featuredmedia":[{"embeddable":true,"href":"https:\/\/www.ibidemgroup.com\/blog\/wp-json\/wp\/v2\/media\/6767"}],"wp:attachment":[{"href":"https:\/\/www.ibidemgroup.com\/blog\/wp-json\/wp\/v2\/media?parent=5277"}],"wp:term":[{"taxonomy":"category","embeddable":true,"href":"https:\/\/www.ibidemgroup.com\/blog\/wp-json\/wp\/v2\/categories?post=5277"},{"taxonomy":"post_tag","embeddable":true,"href":"https:\/\/www.ibidemgroup.com\/blog\/wp-json\/wp\/v2\/tags?post=5277"}],"curies":[{"name":"wp","href":"https:\/\/api.w.org\/{rel}","templated":true}]}}